{"id":816,"date":"2007-07-03T15:25:11","date_gmt":"2007-07-03T14:25:11","guid":{"rendered":"http:\/\/changlonet.com\/blog\/2007\/%c2%bfmovilidad-libertartad\/"},"modified":"2007-07-03T15:25:11","modified_gmt":"2007-07-03T14:25:11","slug":"movilidad-libertartad","status":"publish","type":"post","link":"https:\/\/changlonet.com\/blog\/movilidad-libertartad\/","title":{"rendered":"\u00bfMovilidad = Libertad?"},"content":{"rendered":"<p>\t\t\t\tDesde el <a target=\"_blank\" href=\"http:\/\/www.lacoctelera.com\/emingo\/post\/2007\/06\/24\/movilidad-libertad-a-\" rel=\"noopener noreferrer\">Blog de Eugenio<\/a>, lleg\u00f3 a este art\u00edculo de <a target=\"_blank\" href=\"http:\/\/www.enriquedans.com\/2007\/05\/%c2%a1mas-madera-digo-%c2%a1mas-memoria.html\" rel=\"noopener noreferrer\">Enrique Dans<\/a>. Lo que escribe Eugenio, me ha llevado a escribirle un comentario que ha ido creciendo conforme tecleaba y como al final se me hac\u00eda muy largo, pues me lo traigo para aqu\u00ed y adem\u00e1s lo extiendo m\u00e1s.<br \/>\nTema interesante. Realmente es libertad o es m\u00e1s ataduras. Hay momentos en que pienso que se trata de una maldici\u00f3n.<\/p>\n<p>Hace unos a\u00f1os uno se iba de viaje (de negocios) y sab\u00eda que iba a descansar de la rutina diaria, que llegaba el fin de semana y que podr\u00eda echarse a dormir la bartola sin problemas.<\/p>\n<p>Que se iba a casa y segu\u00eda descansando, que iba a la peluquer\u00eda y podr\u00eda ponerse a pensar en sus cosas o hablar con el peluquero, que se iba a cenar y pod\u00eda disfrutar de la comida, de la bebida y de la conversaci\u00f3n, que iba al m\u00e9dico y estar\u00eda en silencio en la sala de espera esperando su turno, que iba de compras y solo ten\u00eda que fijarse en los escaparates&#8230; Pero ahora resulta que en cualquier actividad que hacemos seguimos trabajando&#8230; por eso este tema me provoca sentimientos encontrados: por un lado es un gran avance, pero por otro parece un grillete que nos hemos puesto nosotros mismos y adem\u00e1s muy contentos.<br \/>\nSiempre queda la opci\u00f3n de apagarlo todo, pero conforme te enganchas cuesta m\u00e1s renunciar a ello (lo digo por experiencia propia).<\/p>\n<p>Siempre que toco estos temas termino contando una an\u00e9cdota de mi primer jefe en mi empresa de por las ma\u00f1anas. Era (y es) una persona muy juiciosa y con las ideas muy claras. En un momento de su carrera profesional, dejo la jefatura y volvi\u00f3 a un puesto comercial en las trincheras. Se trataba de un puesto reci\u00e9n creado para comercializar productos especiales para un segmento concreto de clientes. Iban a hacer gesti\u00f3n proactiva, visitando clientes, atendi\u00e9ndoles directamente&#8230; De esto hace unos 8 o 9 a\u00f1os. En la primera reuni\u00f3n que tuvieron todos los miembros del nuevo servicio, los compa\u00f1eros comenzaron a pedir tel\u00e9fonos m\u00f3viles, todos menos \u00e9l. Al final alguien le dijo si es que ya ten\u00eda tel\u00e9fono y por eso no quer\u00eda que la empresa le comprase uno (hablo de una \u00e9poca en que casi nadie ten\u00eda tel\u00e9fono y estos eran muy caros&#8230;) y dijo:<\/p>\n<p>&#8211; Si nos ponen un tel\u00e9fono, nuestro horario de atenci\u00f3n al p\u00fablico va a ser de 24 horas al d\u00eda, siete d\u00edas a la semana&#8230; y nos seguir\u00e1n pagando ocho horas al d\u00eda cinco d\u00edas a la semana.<\/p>\n<p>Al final les pusieron tel\u00e9fono m\u00f3vil y paso lo que el hab\u00eda predicho.<\/p>\n<p>Hace cinco a\u00f1os en otra reuni\u00f3n, los dem\u00e1s miembros del servicio comenzaron a pedir un ordenador port\u00e1til y conexi\u00f3n a Internet desde casa. Como en el caso anterior en no se sumaba a la petici\u00f3n, cuando le pidieron su opini\u00f3n, dijo:<\/p>\n<p>&#8211; Si nos compran un port\u00e1til y una conexi\u00f3n a Internet, nuestro horario de trabajo va a ser de 24 horas al d\u00eda, siete d\u00edas a la semana y sin embargo nos pagar\u00e1n lo mismo&#8230;<\/p>\n<p>Evidentemente volvi\u00f3 a a acertar.\t\t<\/p>\n","protected":false},"excerpt":{"rendered":"<p>Desde el <a target=\"_blank\" href=\"http:\/\/www.lacoctelera.com\/emingo\/post\/2007\/06\/24\/movilidad-libertad-a-\" rel=\"noopener noreferrer\">Blog de Eugenio<\/a>, lleg\u00f3 a este art\u00edculo de <a target=\"_blank\" href=\"http:\/\/www.enriquedans.com\/2007\/05\/%c2%a1mas-madera-digo-%c2%a1mas-memoria.html\" rel=\"noopener noreferrer\">Enrique Dans<\/a>. Lo que escribe Eugenio, me ha llevado a escribirle un comentario que ha ido creciendo conforme tecleaba y como al final se me hac\u00eda muy largo, pues me lo traigo para aqu\u00ed y adem\u00e1s lo extiendo m\u00e1s.<br \/>\nTema interesante. Realmente es libertad o es m\u00e1s ataduras.<\/p>\n","protected":false},"author":1,"featured_media":0,"comment_status":"open","ping_status":"open","sticky":false,"template":"","format":"standard","meta":{"_exactmetrics_skip_tracking":false,"_exactmetrics_sitenote_active":false,"_exactmetrics_sitenote_note":"","_exactmetrics_sitenote_category":0,"footnotes":""},"categories":[8,10],"tags":[],"series":[],"class_list":["post-816","post","type-post","status-publish","format-standard","hentry","category-hardware","category-otras-cosas"],"_links":{"self":[{"href":"https:\/\/changlonet.com\/blog\/wp-json\/wp\/v2\/posts\/816","targetHints":{"allow":["GET"]}}],"collection":[{"href":"https:\/\/changlonet.com\/blog\/wp-json\/wp\/v2\/posts"}],"about":[{"href":"https:\/\/changlonet.com\/blog\/wp-json\/wp\/v2\/types\/post"}],"author":[{"embeddable":true,"href":"https:\/\/changlonet.com\/blog\/wp-json\/wp\/v2\/users\/1"}],"replies":[{"embeddable":true,"href":"https:\/\/changlonet.com\/blog\/wp-json\/wp\/v2\/comments?post=816"}],"version-history":[{"count":0,"href":"https:\/\/changlonet.com\/blog\/wp-json\/wp\/v2\/posts\/816\/revisions"}],"wp:attachment":[{"href":"https:\/\/changlonet.com\/blog\/wp-json\/wp\/v2\/media?parent=816"}],"wp:term":[{"taxonomy":"category","embeddable":true,"href":"https:\/\/changlonet.com\/blog\/wp-json\/wp\/v2\/categories?post=816"},{"taxonomy":"post_tag","embeddable":true,"href":"https:\/\/changlonet.com\/blog\/wp-json\/wp\/v2\/tags?post=816"},{"taxonomy":"series","embeddable":true,"href":"https:\/\/changlonet.com\/blog\/wp-json\/wp\/v2\/series?post=816"}],"curies":[{"name":"wp","href":"https:\/\/api.w.org\/{rel}","templated":true}]}}