{"id":656,"date":"2007-03-12T15:05:55","date_gmt":"2007-03-12T14:05:55","guid":{"rendered":"http:\/\/changlonet.com\/blog\/2007\/llega-el-ultracanon\/"},"modified":"2007-03-12T15:05:55","modified_gmt":"2007-03-12T14:05:55","slug":"llega-el-ultracanon","status":"publish","type":"post","link":"https:\/\/changlonet.com\/blog\/llega-el-ultracanon\/","title":{"rendered":"Llega el Ultracan\u00f3n"},"content":{"rendered":"<p>\t\t\t\ty no es un amigo de Sinchan como Ultrah\u00e9roe&#8230;<\/p>\n<p>Aunque a lo mejor necesitamos a un ni\u00f1o de 5 a\u00f1os para que les explique a nuestros pol\u00edticos de que va esto, o que les cuente a todos nuestros conciudadanos lo que va a significar la llegada de esta gran defensa de la cultura para sus bolsillo y para las cajas fuertes de otros.<\/p>\n<p>En <a href=\"http:\/\/sigt.net\/archivo\/ultra-canon-digital.xhtml\" target=\"_blank\" rel=\"noopener noreferrer\">Sigt escriben hoy<\/a> sobre el tema con unos argumentos muy claritos, porque es muy f\u00e1cil de entenderlo as\u00ed con esos n\u00fameros. Pero no hace falta irse al futuro (ni montar <a href=\"http:\/\/mnm.uib.es\/gallir\/posts\/2007\/03\/09\/1000\/\" target=\"_blank\" rel=\"noopener noreferrer\">art\u00edculos como el de Ricardo Galli<\/a>) nosotros en la tiena no hemos conseguido vender impresoras multifunci\u00f3n laser a color de gama media&#8230; porque a este tipo de aparatos ya le aplican un ultracan\u00f3n.<\/p>\n<p>Un ejemplo que se entienda, una impresora HP de gama media-baja, la HP 3390, su precio de venta al p\u00fablico ser\u00eda de unos 460 Euros, el Iva ser\u00eda de 73,76 Euros, pero el can\u00f3n que soporta esta m\u00e1quina es de 121,71 Euros, es decir casi el doble de can\u00f3n que de Iva;\u00a0 que alguien me lo explique. As\u00ed que cuando alg\u00fan cliente nos pide presupuestos de este tipo de m\u00e1quinas, pues les ofrecemos una impresora normal y un escaner (que ojo tambi\u00e9n paga can\u00f3n, m\u00ednimo 15 euros&#8230;) al lado.<\/p>\n<p>Y perdemos ventas, no hace mucho vino un cliente a la tienda con un presupuesto de una m\u00e1quina de este tipo, y la diferencia de precio entre nuestra oferta y la que tra\u00eda el cliente, era justamente el can\u00f3n&#8230; o sea que ya hay redes de distribuci\u00f3n negras salt\u00e1ndose el can\u00f3n.<\/p>\n<p>Y lo mejor (o lo peor) es que estas redes que se saltan el can\u00f3n, tambi\u00e9n se saltan el Iva (ya que vas por negro, oscuro hasta el final) y ahora los que perdemos somos todos.<\/p>\n<p>Yo solo s\u00e9 que si el ultracanon se aprueba tal y como se est\u00e1 anunciando, me veo abocada a un dr\u00e1stica reducci\u00f3n de nuestras ventas, lo cual conllevar\u00e1 menos trabajadores, a los que les explicar\u00e9 que vayan a que la Sgae les pague el sueldo a partir de ahora, porque cada vez que yo venda algo en la tienda, qui\u00e9n m\u00e1s ganar\u00e1 ser\u00e1 la Sgae, luego el estado con el Iva y por \u00faltimo nosotros&#8230; as\u00ed que al final la soluci\u00f3n ser\u00e1 cerrar la tienda y volver todos al trueque o al estraperlo&#8230; y esto va a ser la sociedad de la informaci\u00f3n a partir de ahora en Espa\u00f1a.<\/p>\n<p>Por cierto, solo se me ocurre una medida para contrarrestar el ultracan\u00f3n, que Espa\u00f1a fuese de verdad una democracia (como <a href=\"http:\/\/www.20minutos.es\/noticia\/210678\/0\/suizos\/seguridad\/social\/\" target=\"_blank\" rel=\"noopener noreferrer\">Suiza<\/a>, pero claro los suizos como dice Dilbert son extraterrestres&#8230;) y leyes como \u00e9stas se votasen en referendum, digo yo, porque no comenzamos a recoger firmas para solicitar un referendum sobre el tema, creo que solo hacen falta 500.000 firmas y no lo veo tan dif\u00edcil de conseguir, lo m\u00e1s complicado centralizar la gesti\u00f3n, lo dem\u00e1s sencillo. Pero claro eso ser\u00eda una democracia donde a la gente se le pregunta antes de cobrarle m\u00e1s impuestos&#8230;\t\t<\/p>\n","protected":false},"excerpt":{"rendered":"<p>y no es un amigo de Sinchan como Ultrah\u00e9roe&#8230;<\/p>\n<p>Aunque a lo mejor necesitamos a un ni\u00f1o de 5 a\u00f1os para que les explique a nuestros pol\u00edticos de que va esto, o que les cuente a todos nuestros conciudadanos lo que va a significar la llegada de esta gran defensa de la cultura para sus bolsillo y para las cajas fuertes de otros.<\/p>\n<p>En <a href=\"http:\/\/sigt.net\/archivo\/ultra-canon-digital.xhtml\" target=\"_blank\" rel=\"noopener noreferrer\">Sigt escriben hoy<\/a> sobre el tema con unos argumentos muy claritos, porque es muy f\u00e1cil de entenderlo as\u00ed con esos n\u00fameros.<\/p>\n","protected":false},"author":1,"featured_media":0,"comment_status":"open","ping_status":"open","sticky":false,"template":"","format":"standard","meta":{"_exactmetrics_skip_tracking":false,"_exactmetrics_sitenote_active":false,"_exactmetrics_sitenote_note":"","_exactmetrics_sitenote_category":0,"footnotes":""},"categories":[2],"tags":[],"series":[],"class_list":["post-656","post","type-post","status-publish","format-standard","hentry","category-a-por-ellos"],"_links":{"self":[{"href":"https:\/\/changlonet.com\/blog\/wp-json\/wp\/v2\/posts\/656","targetHints":{"allow":["GET"]}}],"collection":[{"href":"https:\/\/changlonet.com\/blog\/wp-json\/wp\/v2\/posts"}],"about":[{"href":"https:\/\/changlonet.com\/blog\/wp-json\/wp\/v2\/types\/post"}],"author":[{"embeddable":true,"href":"https:\/\/changlonet.com\/blog\/wp-json\/wp\/v2\/users\/1"}],"replies":[{"embeddable":true,"href":"https:\/\/changlonet.com\/blog\/wp-json\/wp\/v2\/comments?post=656"}],"version-history":[{"count":0,"href":"https:\/\/changlonet.com\/blog\/wp-json\/wp\/v2\/posts\/656\/revisions"}],"wp:attachment":[{"href":"https:\/\/changlonet.com\/blog\/wp-json\/wp\/v2\/media?parent=656"}],"wp:term":[{"taxonomy":"category","embeddable":true,"href":"https:\/\/changlonet.com\/blog\/wp-json\/wp\/v2\/categories?post=656"},{"taxonomy":"post_tag","embeddable":true,"href":"https:\/\/changlonet.com\/blog\/wp-json\/wp\/v2\/tags?post=656"},{"taxonomy":"series","embeddable":true,"href":"https:\/\/changlonet.com\/blog\/wp-json\/wp\/v2\/series?post=656"}],"curies":[{"name":"wp","href":"https:\/\/api.w.org\/{rel}","templated":true}]}}