{"id":2639,"date":"2009-05-27T08:34:16","date_gmt":"2009-05-27T06:34:16","guid":{"rendered":"http:\/\/changlonet.com\/blog\/2009\/una-feria-del-pasado\/"},"modified":"2009-05-27T08:34:16","modified_gmt":"2009-05-27T06:34:16","slug":"una-feria-del-pasado","status":"publish","type":"post","link":"https:\/\/changlonet.com\/blog\/una-feria-del-pasado\/","title":{"rendered":"Una feria del pasado"},"content":{"rendered":"<p>La verdad es que las ferias son eventos que en un mundo cada vez m\u00e1s conectado, pues les veo poco futuro. Pero cuando ya estas ferias pretenden instalarse en el pasado y directamente no mirar al futuro que ya es presente&#8230; pues luego llorar\u00e1n.<\/p>\n<p><a href=\"http:\/\/www.elmundo.es\/elmundo\/2009\/05\/26\/navegante\/1243320293.html\" target=\"_blank\" rel=\"noopener noreferrer\">Leo que la Feria del Libro del Madrid<\/a> no tiene ning\u00fan stand, ninguna conferencia&#8230; nada dedicado al libro electr\u00f3nico. Pues nada, cuando empiecen a perder clientes vendr\u00e1n los lloros. De todas formas entiendo que los que organizan este evento y los que acuden no tienen inter\u00e9s en promocionarlo. Tanto las grandes editoriales como las librer\u00edas y los grandes centros comerciales, no est\u00e1n mucho por la labor. El libro electr\u00f3nico permitir\u00e1 poner en contacto de forma directa al escritor con su lector, sin ning\u00fan intermediario. Aqu\u00ed es donde deber verse el valor a\u00f1adido de los editores, se ver\u00e1 quien es un editor de verdad y quien es solo un movedor de libros. Tengo claro que el libro f\u00edsico no va desaparecer, pero si que se ver\u00e1 afectado. Tenemos las impresiones bajo demanda, los libros en PDF (todos mis \u00faltimos libros t\u00e9cnicos los he adquirido en este formato y no ten\u00eda lector de libros electr\u00f3nicos) est\u00e1n ya aqu\u00ed y cambiar\u00e1n la forma de comercializar los libros. Y detr\u00e1s pero muy cerca tenemos a los lectores de libros electr\u00f3nicos que ya cambiar\u00e1n del todo el panorama actual.<\/p>\n<p>La oferta que hay en Espa\u00f1a para adquirir contenido para los lectores de libros electr\u00f3nicos es muy baja. As\u00ed que han aparecido soluciones fuera del canal de distribuci\u00f3n tradicional. Los clientes se van a acostumbrar a conseguir contenido de forma gratuita&#8230; y cuando lleguen las grandes editoriales dentro de unos a\u00f1os, se extra\u00f1ar\u00e1n de que sus ofertas de pago (imagino que adem\u00e1s llenas de DRM) no sean aceptadas. Ahora es el momento de entrar en este mercado, aprender de \u00e9l, y estar preparado para su explosi\u00f3n que llegar\u00e1 a corto plazo. Pero no, lo f\u00e1cil es no mirar, no querer ver la realidad y esperar que est\u00e1 no crezca nunca lo suficiente como para amargarnos la fiesta<\/p>\n","protected":false},"excerpt":{"rendered":"<p>La verdad es que las ferias son eventos que en un mundo cada vez m\u00e1s conectado, pues les veo poco futuro. Pero cuando ya estas ferias pretenden instalarse en el pasado y directamente no mirar al futuro que ya es presente&#8230; pues luego llorar\u00e1n. <a href=\"http:\/\/www.elmundo.es\/elmundo\/2009\/05\/26\/navegante\/1243320293.html\" target=\"_blank\" rel=\"noopener noreferrer\">Leo que la Feria del Libro del Madrid<\/a> no tiene ning\u00fan stand, ninguna conferencia&#8230; nada dedicado al libro electr\u00f3nico. Pues nada, cuando empiecen a perder clientes vendr\u00e1n los lloros. De todas formas entiendo que los que organizan este evento y los que acuden no tienen inter\u00e9s en promocionarlo.<\/p>\n","protected":false},"author":1,"featured_media":0,"comment_status":"open","ping_status":"open","sticky":false,"template":"","format":"standard","meta":{"_exactmetrics_skip_tracking":false,"_exactmetrics_sitenote_active":false,"_exactmetrics_sitenote_note":"","_exactmetrics_sitenote_category":0,"footnotes":""},"categories":[2,8],"tags":[896,1082,1643],"series":[],"class_list":["post-2639","post","type-post","status-publish","format-standard","hentry","category-a-por-ellos","category-hardware","tag-ebook","tag-feria","tag-libro"],"_links":{"self":[{"href":"https:\/\/changlonet.com\/blog\/wp-json\/wp\/v2\/posts\/2639","targetHints":{"allow":["GET"]}}],"collection":[{"href":"https:\/\/changlonet.com\/blog\/wp-json\/wp\/v2\/posts"}],"about":[{"href":"https:\/\/changlonet.com\/blog\/wp-json\/wp\/v2\/types\/post"}],"author":[{"embeddable":true,"href":"https:\/\/changlonet.com\/blog\/wp-json\/wp\/v2\/users\/1"}],"replies":[{"embeddable":true,"href":"https:\/\/changlonet.com\/blog\/wp-json\/wp\/v2\/comments?post=2639"}],"version-history":[{"count":0,"href":"https:\/\/changlonet.com\/blog\/wp-json\/wp\/v2\/posts\/2639\/revisions"}],"wp:attachment":[{"href":"https:\/\/changlonet.com\/blog\/wp-json\/wp\/v2\/media?parent=2639"}],"wp:term":[{"taxonomy":"category","embeddable":true,"href":"https:\/\/changlonet.com\/blog\/wp-json\/wp\/v2\/categories?post=2639"},{"taxonomy":"post_tag","embeddable":true,"href":"https:\/\/changlonet.com\/blog\/wp-json\/wp\/v2\/tags?post=2639"},{"taxonomy":"series","embeddable":true,"href":"https:\/\/changlonet.com\/blog\/wp-json\/wp\/v2\/series?post=2639"}],"curies":[{"name":"wp","href":"https:\/\/api.w.org\/{rel}","templated":true}]}}