{"id":21590,"date":"2023-11-09T21:16:55","date_gmt":"2023-11-09T19:16:55","guid":{"rendered":"https:\/\/changlonet.com\/blog\/?p=21590"},"modified":"2023-11-09T21:19:14","modified_gmt":"2023-11-09T19:19:14","slug":"tendremos-ryzen-7000g-seran-8000g-y-los-nuevos-zen5-9000x-se-llamaran-asi","status":"publish","type":"post","link":"https:\/\/changlonet.com\/blog\/tendremos-ryzen-7000g-seran-8000g-y-los-nuevos-zen5-9000x-se-llamaran-asi\/","title":{"rendered":"Tendremos Ryzen 7000G, ser\u00e1n 8000G y los nuevos Zen5 9000X se llamar\u00e1n as\u00ed?"},"content":{"rendered":"<p>Hoy vamos de ensalada de n\u00fameros ali\u00f1ada con rumores y m\u00e1s rumores. Parece que ya desde los departamentos de ventas de las grandes empresas no saben hacer otra cosa que inventar rumores y pensar como hacer que los nombres de los productos cada d\u00eda sean m\u00e1s confusos.<\/p>\n<p style=\"text-align: center;\"><img decoding=\"async\" src=\"https:\/\/changlonet.com\/blog\/wp-content\/uploads\/2023\/11\/110923_1916_TendremosRy1.jpg\" alt=\"\" title=\"\"><\/p>\n<p>Hace <a href=\"https:\/\/changlonet.com\/blog\/asoman-la-patita-los-amd-7000-de-la-serie-g\/\">un mes os hablaba de que hab\u00eda un rumor<\/a> (apoyado adem\u00e1s en opciones de actualizaciones de BIOS) que apuntaba a que AMD iba a presentar micros de la serie Ryzen 7000 con la letra G, es decir con gr\u00e1fica integrada pero m\u00e1s potente que la que traen los actuales micros.<\/p>\n<p>Hoy veo el rumor amplificado pero con dos v\u00edas diferentes:<\/p>\n<ul>\n<li>En otras opciones de actualizaci\u00f3n de BIOS han vuelta a aparecer las APUS 7000G<\/li>\n<li>Hay nuevos rumores que apuntan a que AMD no presentar\u00e1 al final los Ryzen 7000G y los llamar\u00e1 8000G y adem\u00e1s vendr\u00e1n con n\u00facleos Zen4C<\/li>\n<\/ul>\n<p>Lo divertido es que en algunos medios han publicado con horas de diferencia ambas versiones. Pero si adem\u00e1s le sumamos otro rumor de hoy que dice que los AMD con n\u00facleos Zen 5 que deber\u00edan salir para mediados del a\u00f1os pr\u00f3ximos, se van a llamar Ryzen 9000 (a un fabricante se le ha &#8220;escapado&#8221; un folleto de publicidad con ese nombre).<\/p>\n<p>As\u00ed que si lo agitamos todo puede ser la visi\u00f3n de un genios (es un decir) de ventas de AMD. Ha pensado en sacar procesadores con gr\u00e1ficas integradas buenas, e incluso micros de las series X y sin letra con n\u00facleos Zen4 normales y Zen4C juntos y llamarlos Ryzen 8000. Ser\u00edan nuevos porque tienen m\u00e1s n\u00facleos aunque de menor potencia. Y sacarlos a la venta dentro de unas semanas para la campa\u00f1a de Navidad. Y luego a mediados del a\u00f1o pr\u00f3ximo sacar los Ryzen 9000 con n\u00facleos Zen5.<\/p>\n<p>Ahora mismo cuando hacemos presupuestos de port\u00e1tiles tenemos que mirar unas tablas que tenemos para ver y comprobar realmente el tipo de n\u00facleos, los n\u00facleos y procesos que llevan los procesadores port\u00e1tiles. No significa nada el c\u00f3digo asignado por Marketing. Y pasa m\u00e1s con AMD que con Intel. Pronto tendremos que hacerlo tambi\u00e9n con los micros de sobremesa\u2026 y dicen que es muy f\u00e1cil comprar hardware hoy en d\u00eda\u2026<\/p>\n","protected":false},"excerpt":{"rendered":"<p>Hoy vamos de ensalada de n\u00fameros ali\u00f1ada con rumores y m\u00e1s rumores. Parece que ya desde los departamentos de ventas de las grandes empresas no saben hacer otra cosa que inventar rumores y pensar como hacer que los nombres de los productos cada d\u00eda sean m\u00e1s confusos. Hace un mes os hablaba de que hab\u00eda [&hellip;]<\/p>\n","protected":false},"author":1,"featured_media":21589,"comment_status":"open","ping_status":"open","sticky":false,"template":"","format":"standard","meta":{"_exactmetrics_skip_tracking":false,"_exactmetrics_sitenote_active":false,"_exactmetrics_sitenote_note":"","_exactmetrics_sitenote_category":0,"footnotes":""},"categories":[8,4318],"tags":[4842,4843,4845,4844],"series":[],"class_list":["post-21590","post","type-post","status-publish","format-standard","has-post-thumbnail","hentry","category-hardware","category-procesadores","tag-amd-ryzen-7000g","tag-amd-ryzen-8000g","tag-amd-ryzen-9000","tag-zen4c"],"_links":{"self":[{"href":"https:\/\/changlonet.com\/blog\/wp-json\/wp\/v2\/posts\/21590","targetHints":{"allow":["GET"]}}],"collection":[{"href":"https:\/\/changlonet.com\/blog\/wp-json\/wp\/v2\/posts"}],"about":[{"href":"https:\/\/changlonet.com\/blog\/wp-json\/wp\/v2\/types\/post"}],"author":[{"embeddable":true,"href":"https:\/\/changlonet.com\/blog\/wp-json\/wp\/v2\/users\/1"}],"replies":[{"embeddable":true,"href":"https:\/\/changlonet.com\/blog\/wp-json\/wp\/v2\/comments?post=21590"}],"version-history":[{"count":0,"href":"https:\/\/changlonet.com\/blog\/wp-json\/wp\/v2\/posts\/21590\/revisions"}],"wp:featuredmedia":[{"embeddable":true,"href":"https:\/\/changlonet.com\/blog\/wp-json\/wp\/v2\/media\/21589"}],"wp:attachment":[{"href":"https:\/\/changlonet.com\/blog\/wp-json\/wp\/v2\/media?parent=21590"}],"wp:term":[{"taxonomy":"category","embeddable":true,"href":"https:\/\/changlonet.com\/blog\/wp-json\/wp\/v2\/categories?post=21590"},{"taxonomy":"post_tag","embeddable":true,"href":"https:\/\/changlonet.com\/blog\/wp-json\/wp\/v2\/tags?post=21590"},{"taxonomy":"series","embeddable":true,"href":"https:\/\/changlonet.com\/blog\/wp-json\/wp\/v2\/series?post=21590"}],"curies":[{"name":"wp","href":"https:\/\/api.w.org\/{rel}","templated":true}]}}