{"id":20918,"date":"2023-07-15T20:00:59","date_gmt":"2023-07-15T18:00:59","guid":{"rendered":"https:\/\/changlonet.com\/blog\/?p=20918"},"modified":"2023-07-15T20:03:01","modified_gmt":"2023-07-15T18:03:01","slug":"mortadelo-y-filemon-se-han-quedado-huerfanos","status":"publish","type":"post","link":"https:\/\/changlonet.com\/blog\/mortadelo-y-filemon-se-han-quedado-huerfanos\/","title":{"rendered":"Mortadelo y Filem\u00f3n se han quedado hu\u00e9rfanos"},"content":{"rendered":"<p>Pero no solo ellos, sino que much\u00edsimos lectores de tebeos espa\u00f1oles y de todo el mundo tambi\u00e9n sentimos esa orfandad.<\/p>\n<p style=\"text-align: center;\"><img decoding=\"async\" src=\"https:\/\/changlonet.com\/blog\/wp-content\/uploads\/2023\/07\/071523_1800_MortadeloyF1.jpg\" alt=\"\" title=\"\"><\/p>\n<p>Hoy ha fallecido con 87 a\u00f1os Francisco Ib\u00e1\u00f1ez, el dibujante de tebeos que creo entre otros a Mortadelo y Filem\u00f3n. Y siento como una parte de mi vida lectora se va con \u00e9l. Entre los primeros recuerdos de lecturas infantiles est\u00e1n los tebeos de Mortadelo y Filem\u00f3n. Aunque en aquellos a\u00f1os los tebeos tra\u00edan a m\u00e1s personajes\u2026 pero mis favoritos eran ellos. Recuerdo como no compr\u00e1bamos los tebeos, sino que \u00edbamos los domingos a la Glorieta despu\u00e9s de misa para intercambiarlos. Bien con otros lectores, bien en un puesto de tebeos, donde el due\u00f1o te cobraba una peque\u00f1a comisi\u00f3n por cambiarte el tebeo por uno nuevo.<\/p>\n<p>Fue cuando empezaron las primeras aventuras largas de Mortadelo y Filem\u00f3n como el Sulfato At\u00f3mico al ir a cambiar el tebeo ten\u00edas que fijarte mucho para que el que te llevabas nuevo fuese el siguiente al \u00faltimo que hab\u00edas le\u00eddo para poder seguir la trama bien.<\/p>\n<p>M\u00e1s tarde volv\u00ed a encontrarme con Ib\u00e1\u00f1ez en la peluquer\u00eda. Yo si ten\u00eda suerte recib\u00eda de regalo de cumplea\u00f1os o de Reyes alg\u00fan tebeo. Ahorrando de mi asignaci\u00f3n pod\u00eda ir comprando algunos m\u00e1s\u2026 pero en la peluquer\u00eda los ten\u00edan todos (era una forma de que los ni\u00f1os nos estuvi\u00e9semos quietos all\u00ed).Estuve dos a\u00f1os que siempre llevaba el pelo corto. Nada me hac\u00eda m\u00e1s ilusi\u00f3n que ir a cortarme el pelo cuando hab\u00eda mucha gente. Ya sab\u00eda las horas de m\u00e1s afluencia de clientes y me empe\u00f1ada en ir. Mi madre me dec\u00eda que tardar\u00eda hora\u2026 y eso era lo que yo quer\u00eda.<\/p>\n<p>Pasaron los a\u00f1os y por fin pude comprarme varias recopilaciones grandes de Mortadelo y Filem\u00f3n para ponerlas en mi biblioteca. Y los a\u00f1os siguieron y llegaron mis hijos a casa. La \u00faltima temporada que compr\u00e9 el peri\u00f3dico f\u00edsico en papel, fue cuando El Mundo reedito en formato peque\u00f1o las historias de Mortadelo y Filem\u00f3n. A mi hijo le encantaban y las tiene ahora todas en su habitaci\u00f3n. Y como tambi\u00e9n se aficion\u00f3, conforme iban saliendo nuevas aventuras se las \u00edbamos regalando.<\/p>\n<p>Ahora ya no podremos seguir con ese peque\u00f1o rito familiar. Espero que all\u00e1 donde est\u00e9 Ib\u00e1\u00f1ez puede seguir dibujando sonrisas en las caras de los ni\u00f1os y de los que aprendimos a leer con \u00e9l.<\/p>\n","protected":false},"excerpt":{"rendered":"<p>Pero no solo ellos, sino que much\u00edsimos lectores de tebeos espa\u00f1oles y de todo el mundo tambi\u00e9n sentimos esa orfandad. Hoy ha fallecido con 87 a\u00f1os Francisco Ib\u00e1\u00f1ez, el dibujante de tebeos que creo entre otros a Mortadelo y Filem\u00f3n. Y siento como una parte de mi vida lectora se va con \u00e9l. Entre los [&hellip;]<\/p>\n","protected":false},"author":1,"featured_media":20917,"comment_status":"open","ping_status":"open","sticky":false,"template":"","format":"standard","meta":{"_exactmetrics_skip_tracking":false,"_exactmetrics_sitenote_active":false,"_exactmetrics_sitenote_note":"","_exactmetrics_sitenote_category":0,"footnotes":""},"categories":[9],"tags":[4620,4622,4621],"series":[],"class_list":["post-20918","post","type-post","status-publish","format-standard","has-post-thumbnail","hentry","category-libros","tag-francisco-ibanez","tag-mortadelo-y-filemon","tag-tebeos"],"_links":{"self":[{"href":"https:\/\/changlonet.com\/blog\/wp-json\/wp\/v2\/posts\/20918","targetHints":{"allow":["GET"]}}],"collection":[{"href":"https:\/\/changlonet.com\/blog\/wp-json\/wp\/v2\/posts"}],"about":[{"href":"https:\/\/changlonet.com\/blog\/wp-json\/wp\/v2\/types\/post"}],"author":[{"embeddable":true,"href":"https:\/\/changlonet.com\/blog\/wp-json\/wp\/v2\/users\/1"}],"replies":[{"embeddable":true,"href":"https:\/\/changlonet.com\/blog\/wp-json\/wp\/v2\/comments?post=20918"}],"version-history":[{"count":0,"href":"https:\/\/changlonet.com\/blog\/wp-json\/wp\/v2\/posts\/20918\/revisions"}],"wp:featuredmedia":[{"embeddable":true,"href":"https:\/\/changlonet.com\/blog\/wp-json\/wp\/v2\/media\/20917"}],"wp:attachment":[{"href":"https:\/\/changlonet.com\/blog\/wp-json\/wp\/v2\/media?parent=20918"}],"wp:term":[{"taxonomy":"category","embeddable":true,"href":"https:\/\/changlonet.com\/blog\/wp-json\/wp\/v2\/categories?post=20918"},{"taxonomy":"post_tag","embeddable":true,"href":"https:\/\/changlonet.com\/blog\/wp-json\/wp\/v2\/tags?post=20918"},{"taxonomy":"series","embeddable":true,"href":"https:\/\/changlonet.com\/blog\/wp-json\/wp\/v2\/series?post=20918"}],"curies":[{"name":"wp","href":"https:\/\/api.w.org\/{rel}","templated":true}]}}