{"id":13596,"date":"2016-08-08T11:17:26","date_gmt":"2016-08-08T10:17:26","guid":{"rendered":"http:\/\/changlonet.com\/blog\/?p=13596"},"modified":"2016-08-08T11:17:26","modified_gmt":"2016-08-08T10:17:26","slug":"no-lo-veo-solo-yo-apple-pasa-de-sus-pcs","status":"publish","type":"post","link":"https:\/\/changlonet.com\/blog\/no-lo-veo-solo-yo-apple-pasa-de-sus-pcs\/","title":{"rendered":"No lo veo solo yo: Apple pasa de sus PCs"},"content":{"rendered":"<p>\t\t\t\t<span style=\"font-size: medium;\">Me parec\u00eda que estaba solo cuando les explicaba a varios clientes interesados en ordenadores de Apple, que los productos de la empresa de la manzana estaban un poco anticuados (siempre teniendo en cuenta el significado de esta palabra en tecnolog\u00eda). As\u00ed que veo este <a href=\"http:\/\/www.muycomputer.com\/2016\/08\/08\/tecnologia-vieja-apple\" target=\"_blank\" rel=\"noopener noreferrer\">art\u00edculo en Muy Computer<\/a> donde comentan lo mismo<\/span><\/p>\n<p><span style=\"font-size: medium;\"><a href=\"https:\/\/changlonet.com\/blog\/wp-content\/uploads\/2016\/08\/iMac.jpg\"><img fetchpriority=\"high\" decoding=\"async\" style=\"background-image: none; float: none; padding-top: 0px; padding-left: 0px; margin-left: auto; display: block; padding-right: 0px; margin-right: auto; border: 0px;\" title=\"iMac\" src=\"https:\/\/changlonet.com\/blog\/wp-content\/uploads\/2016\/08\/iMac_thumb.jpg\" alt=\"iMac\" width=\"331\" height=\"368\" border=\"0\" \/><\/a><\/span><\/p>\n<p><span style=\"font-size: medium;\">Yo veo muy claro que los actuales jefes de Apple est\u00e1n centrados en el mundo de los m\u00f3viles, los servicios, la App Store\u2026 y as\u00ed la secci\u00f3n de ordenadores est\u00e1 un poco abandonada.<\/span><\/p>\n<p><span style=\"font-size: medium;\">As\u00ed que he llegado a tener casos divertidos como hace un par de semanas. Viene un cliente que me comenta que su hija va a comenzar a estudiar una carrera t\u00e9cnica (donde se puede necesitar un buen hardware para seguir las clases) y que quiere un Apple, concretamente un MacBook Pro. Pero que \u00e9l ha mirado las caracter\u00edsticas t\u00e9cnicas y las ve algo superadas. Que le haga varios presupuestos pero<\/span><span style=\"font-size: medium;\"> con PCs de otras marcas pero con mejores prestaciones. <\/span><\/p>\n<p><span style=\"font-size: medium;\">Yo que no lo ten\u00eda claro opt\u00e9 por pasarle tres PCs y tambi\u00e9n tres equipos de Apple (no era cuesti\u00f3n de perder la venta por la opini\u00f3n del padre). Lo bueno es que al cabo de tres d\u00edas viene la hija a la tienda y me confirma la compra de uno de los PCs que la pas\u00e9. Ella hab\u00eda repasado las especificaciones y adem\u00e1s de llevarse un PC\u00a0 m\u00e1s modernos, cuadriplicaba la capacidad de almacenamiento, la RAM y duplicaba el n\u00famero de n\u00facleos del procesador, que el MacBook del mismo precio. <\/span><\/p>\n<p><span style=\"font-size: medium;\">Y estos meses he tenido ya algunos casos as\u00ed.<\/span><\/p>\n<p><span style=\"font-size: medium;\">Tambi\u00e9n he tenido otros donde cuando el cliente ha venido a quejarse de la lentitud de su PC de 8 a\u00f1os y a decirnos que se ha comprado un Mac porque son m\u00e1s r\u00e1pidos (usando software que exprime el hardware a tope) cuando le explicamos el tema\u2026 pues se han quedado sorprendidos. Ni se hab\u00edan puesto a mirar el hardware del port\u00e1til que se compraban.<\/span><\/p>\n<p><span style=\"font-size: medium;\">En resumen, parece que Apple deja de lado su hardware. Tal vez sea hora de que se planteen vender su Sistema Operativo y permitir su instalaci\u00f3n en otros PCs. Yo lo veo interesante y una manera de centrarse en otras \u00e1reas sin abandonar a los seguidores de su sistema operativo. Porque cuantas m\u00e1s opciones de elecci\u00f3n tengamos en la compra de un equipo mejor para todos.<\/span><\/p>\n<p>&nbsp;<\/p>\n<p>&nbsp;<\/p>\n<p>&nbsp;<\/p>\n<p>&nbsp;\t\t<\/p>\n","protected":false},"excerpt":{"rendered":"<p><span style=\"font-size: medium;\">Me parec\u00eda que estaba solo cuando les explicaba a varios clientes interesados en ordenadores de Apple, que los productos de la empresa de la manzana estaban un poco anticuados (siempre teniendo en cuenta el significado de esta palabra en tecnolog\u00eda).<\/span><\/p>\n","protected":false},"author":1,"featured_media":0,"comment_status":"open","ping_status":"open","sticky":false,"template":"","format":"standard","meta":{"_exactmetrics_skip_tracking":false,"_exactmetrics_sitenote_active":false,"_exactmetrics_sitenote_note":"","_exactmetrics_sitenote_category":0,"footnotes":""},"categories":[8,13],"tags":[276,277,1408,1483,1690,2528],"series":[],"class_list":["post-13596","post","type-post","status-publish","format-standard","hentry","category-hardware","category-software","tag-app-store","tag-apple","tag-imac","tag-iphone","tag-macbook-pro","tag-servicios"],"_links":{"self":[{"href":"https:\/\/changlonet.com\/blog\/wp-json\/wp\/v2\/posts\/13596","targetHints":{"allow":["GET"]}}],"collection":[{"href":"https:\/\/changlonet.com\/blog\/wp-json\/wp\/v2\/posts"}],"about":[{"href":"https:\/\/changlonet.com\/blog\/wp-json\/wp\/v2\/types\/post"}],"author":[{"embeddable":true,"href":"https:\/\/changlonet.com\/blog\/wp-json\/wp\/v2\/users\/1"}],"replies":[{"embeddable":true,"href":"https:\/\/changlonet.com\/blog\/wp-json\/wp\/v2\/comments?post=13596"}],"version-history":[{"count":0,"href":"https:\/\/changlonet.com\/blog\/wp-json\/wp\/v2\/posts\/13596\/revisions"}],"wp:attachment":[{"href":"https:\/\/changlonet.com\/blog\/wp-json\/wp\/v2\/media?parent=13596"}],"wp:term":[{"taxonomy":"category","embeddable":true,"href":"https:\/\/changlonet.com\/blog\/wp-json\/wp\/v2\/categories?post=13596"},{"taxonomy":"post_tag","embeddable":true,"href":"https:\/\/changlonet.com\/blog\/wp-json\/wp\/v2\/tags?post=13596"},{"taxonomy":"series","embeddable":true,"href":"https:\/\/changlonet.com\/blog\/wp-json\/wp\/v2\/series?post=13596"}],"curies":[{"name":"wp","href":"https:\/\/api.w.org\/{rel}","templated":true}]}}